{"id":14621,"date":"2021-02-12T10:25:11","date_gmt":"2021-02-12T09:25:11","guid":{"rendered":"https:\/\/www.cesramonycajal.com\/?p=14621"},"modified":"2021-02-12T10:25:11","modified_gmt":"2021-02-12T09:25:11","slug":"animate-a-conocer-la-identidad-arqueologica-de-granada","status":"publish","type":"post","link":"https:\/\/www.test.cesramonycajal.com\/?p=14621","title":{"rendered":"AN\u00cdMATE A CONOCER LA IDENTIDAD ARQUEOL\u00d3GICA DE GRANADA"},"content":{"rendered":"<p style=\"text-align: center;\"><strong><span style=\"font-size: 28px;\">AN\u00cdMATE A CONOCER LA IDENTIDAD ARQUEOL\u00d3GICA DE GRANADA<\/span><\/strong><\/p>\n<p>&nbsp;<\/p>\n<p style=\"text-align: justify;\">Desde CES S. Ram\u00f3n y Cajal apostamos por la difusi\u00f3n de la historia y su patrimonio cultural en todas sus vertientes. Por ello, queremos acercar a todo el personal docente, alumnado y dem\u00e1s personas interesadas a una nueva y magn\u00edfica oportunidad para indagar en el pasado de la Pen\u00ednsula Ib\u00e9rica, y en concreto, para conocer la gran riqueza hist\u00f3rico-arqueol\u00f3gica que esconde nuestra provincia, Granada.<\/p>\n<p style=\"text-align: justify;\">En esta ocasi\u00f3n, la Asociaci\u00f3n Nacional Red de Cooperaci\u00f3n \u201cVillas romanas de Hispania\u201d junto con el Peri\u00f3dico EL COMERCIO nos brindan la posibilidad de poder participar en el I Concurso de fotograf\u00eda arqueol\u00f3gica,<strong> \u201cARQUEOFOTO VILLAS ROMANAS DE HISPANIA 2021\u201d<\/strong>, cuyo objetivo es dar difusi\u00f3n al patrimonio arqueol\u00f3gico de la Hispania romana.<\/p>\n<p style=\"text-align: justify;\">Adem\u00e1s de fomentar el conocimiento e incentivar la curiosidad por nuestro pasado hist\u00f3rico, dentro del panorama peninsular, este concurso ofrecer\u00e1 toda una serie de premios a los autores de las fotograf\u00edas m\u00e1s destacadas.<\/p>\n<p style=\"text-align: justify;\">No es la primera vez que nuestro centro se involucra en proyectos y acciones que tienen como fin la puesta en valor del patrimonio hist\u00f3rico-arqueol\u00f3gico de Granada. Como muestra de nuestro compromiso, ya en el a\u00f1o 2019 decidimos participar en una campa\u00f1a crowdfunding destinada a financiar la restauraci\u00f3n, consolidaci\u00f3n y limpieza de los sorprendentes mosaicos del s. IV descubiertos en la Villa romana de Salar (Salar, Granada). Adem\u00e1s, desde entonces, est\u00e1n siendo organizadas toda una serie de salidas formativas a la villa para nuestro alumnado y personal docente, contando con la colaboraci\u00f3n del equipo de arque\u00f3logos que trabajan en el en yacimiento romano de Salar.<\/p>\n<p style=\"text-align: justify;\">Dentro de los m\u00faltiples yacimientos arqueol\u00f3gicos romanos que existen en el entorno granadino, y a los que os animamos a descubrir, la Villa romana de Salar constituye un espacio arqueol\u00f3gico digno de visitar por sus m\u00e1s que notables y monumentales restos hist\u00f3ricos. Un espacio id\u00f3neo para fotografiar y participar en el concurso \u201cARQUEOFOTO VILLAS ROMANAS DE HISPANIA 2021\u201d.<\/p>\n<p style=\"text-align: justify;\"><img decoding=\"async\" class=\"aligncenter size-large wp-image-14613\" src=\"https:\/\/www.test.cesramonycajal.com\/wp-content\/uploads\/2021\/02\/s-700x438.jpg\" alt=\"\" \/><\/p>\n<p style=\"text-align: center;\"><span style=\"font-size: 12px;\">Mosaico Villa romana de Salar<\/span><\/p>\n<p>&nbsp;<\/p>\n<p style=\"text-align: justify;\">A continuaci\u00f3n, mostraremos las bases generales sobre las que se rige el concurso. No obstante, tambi\u00e9n facilitamos las instrucciones oficiales completas emitidas por los organizadores del evento:<\/p>\n<p>&nbsp;<\/p>\n<p style=\"text-align: justify;\"><strong>TEM\u00c1TICA DEL CONCURSO<\/strong><\/p>\n<p style=\"text-align: justify;\">Las fotograf\u00edas presentadas deber\u00e1n mostrar el patrimonio arqueol\u00f3gico de la Hispania romana (Espa\u00f1a y Portugal), entendiendo por esto cualquier sitio, yacimiento arqueol\u00f3gico, paisaje, enclave, monumento o estructura pertenecientes al per\u00edodo hist\u00f3rico romano, sea cual sea su grado de presentaci\u00f3n al p\u00fablico, conservaci\u00f3n o momento de estudio cient\u00edfico.<\/p>\n<p style=\"text-align: justify;\">Quedan excluidos los elementos arqueol\u00f3gicos muebles.<\/p>\n<p>&nbsp;<\/p>\n<p style=\"text-align: justify;\"><strong>\u00bfQUI\u00c9N PUEDE PARTICIPAR?<\/strong><\/p>\n<p style=\"text-align: justify;\">Este concurso va dirigido a todos los p\u00fablicos y puede participar cualquier persona sin ning\u00fan tipo de exclusi\u00f3n. No obstante, los participantes menores de edad deber\u00e1n de contar con la autorizaci\u00f3n de sus padres o tutores para poder concursar. El plazo de participaci\u00f3n estar\u00e1 abierto desde el 20 de enero hasta el 20 de febrero de 2021, ambos incluidos.<\/p>\n<p style=\"text-align: justify;\">Los participantes se organizar\u00e1n en 2 categor\u00edas:<\/p>\n<ol style=\"text-align: justify;\">\n<li>Mayores de 16 a\u00f1os (a partir de 16 a\u00f1os cumplidos antes del inicio del concurso).<\/li>\n<li>Menores de 16 a\u00f1os.<\/li>\n<\/ol>\n<p>&nbsp;<\/p>\n<p style=\"text-align: justify;\"><strong>\u00bfQU\u00c9 DISPOSITIVOS FOTOGR\u00c1FICOS SE PUEDEN USAR?<\/strong><\/p>\n<p style=\"text-align: justify;\">Los dispositivos empleados para la realizaci\u00f3n de las fotograf\u00edas variaran dependiendo de la edad\/categor\u00eda del participante:<\/p>\n<ol style=\"text-align: justify;\">\n<li>Para la categor\u00eda de <u>mayores de 16 a\u00f1os<\/u>: la c\u00e1mara fotogr\u00e1fica digital r\u00e9flex, compacta o sin espejo. No se admitir\u00e1n fotograf\u00edas realizadas mediante otros dispositivos que \u00a0\u00a0\u00a0\u00a0\u00a0\u00a0 contengan c\u00e1maras (drones, tablets, tel\u00e9fonos m\u00f3viles&#8230;).<\/li>\n<li>Para la categor\u00eda de <u>menores de 16 a\u00f1os<\/u>, podr\u00e1 utilizarse indistintamente la c\u00e1mara fotogr\u00e1fica digital r\u00e9flex, compacta o sin espejo o los tel\u00e9fonos m\u00f3viles y tablets.<\/li>\n<\/ol>\n<p>&nbsp;<\/p>\n<p style=\"text-align: justify;\"><strong>PREMIOS<\/strong><\/p>\n<p style=\"text-align: justify;\">El concurso est\u00e1 dotado con cinco premios:<\/p>\n<ol>\n<li style=\"text-align: justify;\">Mayores de 16 a\u00f1os:\n<ol>\n<li>\n<p style=\"text-align: justify;\">Premio: Diploma y 600 \u20ac en met\u00e1lico.<\/p>\n<\/li>\n<li>\n<p style=\"text-align: justify;\">Premio: Diploma y 300 \u20ac en met\u00e1lico.<\/p>\n<\/li>\n<li>\n<p style=\"text-align: justify;\">Premio: Diploma y 200 \u20ac en met\u00e1lico.<\/p>\n<\/li>\n<\/ol>\n<\/li>\n<li>Menores de 16 a\u00f1os:\n<ol>\n<li>Premio: C\u00e1mara de aventura sumergible.<\/li>\n<li>Premio: Tablet de 10\u201d.<\/li>\n<\/ol>\n<\/li>\n<\/ol>\n<p>&nbsp;<\/p>\n<p style=\"text-align: justify;\"><strong>NORMAS PARA LAS FOTOGRAF\u00cdAS<\/strong><\/p>\n<ol style=\"list-style-type: upper-alpha;\">\n<li>Las fotograf\u00edas deber\u00e1n estar dentro de la tem\u00e1tica propuesta.<\/li>\n<li>Cada participante podr\u00e1 presentar un m\u00e1ximo de CUATRO FOTOGRAF\u00cdAS que se subir\u00e1n a la plataforma de internet habilitada para el concurso.<\/li>\n<li>Las im\u00e1genes deber\u00e1n ser necesariamente originales e in\u00e9ditas, no habiendo sido presentadas y\/o premiadas en este certamen en ediciones anteriores.<\/li>\n<li>Las fotograf\u00edas deber\u00e1n ser propiedad del autor que las presente al concurso.<\/li>\n<li>La organizaci\u00f3n podr\u00e1 solicitar el archivo RAW (si su c\u00e1mara tuviera este formato) u otro medio que certifique la autor\u00eda de la imagen presentada en cualquier fase previa a la resoluci\u00f3n del concurso. No presentarlo supondr\u00e1 la descalificaci\u00f3n de la fotograf\u00eda.<\/li>\n<li>Se limitar\u00e1 la manipulaci\u00f3n y la alteraci\u00f3n digital de las fotograf\u00edas, de forma que durante la edici\u00f3n de las mismas NO se podr\u00e1 aplicar:\n<ul>\n<li>El clonado que implique a\u00f1adir o eliminar parte de la imagen.<\/li>\n<li>Los ajustes que se realicen por zonas (filtros graduados o radiales, ni pincel de ajustes).<\/li>\n<li>La exposici\u00f3n m\u00faltiple, en ning\u00fan caso, ni la fusi\u00f3n ni uni\u00f3n de varios raw en un solo archivo. Se busca que las fotos ganadoras est\u00e9n basadas en un solo archivo raw.<\/li>\n<\/ul>\n<\/li>\n<li>SI se admitir\u00e1n los ajustes que afecten a:\n<ul>\n<li>Un recorte no superior al 25% de la imagen original.<\/li>\n<li>Las correcciones globales de exposici\u00f3n, contraste, altas luces, sombras, blancos, negros, nitidez, claridad, intensidad o saturaci\u00f3n de color. Asociaci\u00f3n \u201cRed de Cooperaci\u00f3n Villas romanas de Hispania\u201d<\/li>\n<li>\u00a0La revisi\u00f3n de la curva de tonos y los niveles del histograma.<\/li>\n<li>La conversi\u00f3n de la imagen a blanco y negro.<\/li>\n<li>El enfoque moderado y la reducci\u00f3n de ruido digital y grano.<\/li>\n<li>Los ajustes que se realicen para la eliminaci\u00f3n del vi\u00f1eteo, la limpieza de part\u00edculas sucias del sensor, as\u00ed como la correcci\u00f3n de lente, quitar aberraciones crom\u00e1ticas y la correcci\u00f3n de la distorsi\u00f3n.<\/li>\n<\/ul>\n<\/li>\n<li>Las fotograf\u00edas no deber\u00e1n tener marcos, bordes, marcas de agua ni pies de foto.<\/li>\n<li>El formato de las im\u00e1genes debe ser JPEG, convertidas al espacio de color sRGB con el perfil incrustado.<\/li>\n<li>El tama\u00f1o ha de ser de 2300 p\u00edxeles en su lado mayor y una resoluci\u00f3n m\u00ednima de 200 ppp (p\u00edxeles por pulgada). Peso m\u00e1ximo por foto 2,5 MB. En el caso de que el tama\u00f1o sea superior, se reducir\u00e1n de manera autom\u00e1tica para ajustarse a las medidas del concurso y la organizaci\u00f3n no se har\u00e1 responsable del resultado obtenido.<\/li>\n<li>Las fotograf\u00edas deber\u00e1n llevar un t\u00edtulo y el nombre completo del autor al subirlas a la plataforma.<\/li>\n<li>La organizaci\u00f3n se reserva el derecho de rechazar aquellas fotograf\u00edas que no cumplan con estos requisitos.<\/li>\n<li>Los autores responden de la autor\u00eda de las im\u00e1genes enviadas al concurso. La Asociaci\u00f3n de Villas romanas de Hispania y los colaboradores de este concurso, no se responsabilizan de posibles infracciones de los derechos de propiedad intelectual en que pudieran incurrir los participantes.<\/li>\n<li>La remisi\u00f3n de las fotograf\u00edas a los organizadores de concurso implica el reconocimiento expreso de la autor\u00eda del remitente. La Asociaci\u00f3n de Villas romanas de Hispania no se hace responsable de reclamaciones de terceros por dicho concepto.<\/li>\n<li>Los autores de trabajos que incluyan im\u00e1genes de menores de edad deben hacer llegar, adem\u00e1s, una autorizaci\u00f3n del tutor\/tutora del menor para la reproducci\u00f3n de su imagen, as\u00ed como las im\u00e1genes donde se reconozcan a personas, se deber\u00e1 tener autorizaci\u00f3n de las mismas.<\/li>\n<\/ol>\n<p>&nbsp;<\/p>\n<p style=\"text-align: justify;\"><strong>M\u00c1S INFORMACI\u00d3N<\/strong><\/p>\n<p style=\"text-align: justify;\"><a href=\"https:\/\/www.villasromanas.org\">https:\/\/www.villasromanas.org<\/a> o en nuestras redes sociales de Facebook, Twitter e Instagram.<\/p>\n<p style=\"text-align: justify;\"><a href=\"http:\/\/arqueofoto.gijon.elcomercio.es\/2021\">http:\/\/arqueofoto.gijon.elcomercio.es\/2021<\/a><\/p>\n<p style=\"text-align: justify;\">Para cualquier consulta env\u00eda un email a <a href=\"mailto:villasromanasdehispania@gmail.com\">villasromanasdehispania@gmail.com<\/a> especificando en el asunto \u201cI Concurso Arqueofoto Villas romanas de Hispania 2021\u201d.<\/p>\n<p style=\"text-align: justify;\">Informaci\u00f3n Villa Romana de Salar-Correo: <a href=\"mailto:villaromanasalar@gmail.com\">villaromanasalar@gmail.com<\/a> Tel\u00e9fono: 675 96 74 32. Direcci\u00f3n:\u00a0 Centro de Interpretaci\u00f3n y Punto de Informaci\u00f3n Tur\u00edstica, Avda. Andaluc\u00eda, 60 18310 Salar (Granada).<\/p>\n<p style=\"text-align: justify;\">[pdf-embedder url=&quot;https:\/\/www.test.cesramonycajal.com\/wp-content\/uploads\/2021\/02\/BASES-I-CONCURSO-ARQUEOFOTO-VILLAS-ROMANAS-DE-HISPANIA-corregida-1.pdf&quot; title=&quot;BASES-I-CONCURSO-ARQUEOFOTO-VILLAS-ROMANAS-DE-HISPANIA-corregida (1)&quot;]<\/p>\n","protected":false},"excerpt":{"rendered":"<p>AN\u00cdMATE A CONOCER LA IDENTIDAD ARQUEOL\u00d3GICA DE GRANADA &nbsp; Desde CES S. Ram\u00f3n y Cajal apostamos por la difusi\u00f3n de la historia y su patrimonio cultural en todas sus vertientes. Por ello, queremos acercar a todo el personal docente, alumnado y dem\u00e1s personas interesadas a una nueva y magn\u00edfica oportunidad para indagar en el pasado [&hellip;]<\/p>\n","protected":false},"author":2,"featured_media":14626,"comment_status":"closed","ping_status":"closed","sticky":false,"template":"","format":"standard","meta":{"_et_pb_use_builder":"","_et_pb_old_content":"","_et_gb_content_width":"","footnotes":""},"categories":[3],"tags":[],"class_list":["post-14621","post","type-post","status-publish","format-standard","has-post-thumbnail","hentry","category-noticias"],"_links":{"self":[{"href":"https:\/\/www.test.cesramonycajal.com\/index.php?rest_route=\/wp\/v2\/posts\/14621","targetHints":{"allow":["GET"]}}],"collection":[{"href":"https:\/\/www.test.cesramonycajal.com\/index.php?rest_route=\/wp\/v2\/posts"}],"about":[{"href":"https:\/\/www.test.cesramonycajal.com\/index.php?rest_route=\/wp\/v2\/types\/post"}],"author":[{"embeddable":true,"href":"https:\/\/www.test.cesramonycajal.com\/index.php?rest_route=\/wp\/v2\/users\/2"}],"replies":[{"embeddable":true,"href":"https:\/\/www.test.cesramonycajal.com\/index.php?rest_route=%2Fwp%2Fv2%2Fcomments&post=14621"}],"version-history":[{"count":0,"href":"https:\/\/www.test.cesramonycajal.com\/index.php?rest_route=\/wp\/v2\/posts\/14621\/revisions"}],"wp:featuredmedia":[{"embeddable":true,"href":"https:\/\/www.test.cesramonycajal.com\/index.php?rest_route=\/wp\/v2\/media\/14626"}],"wp:attachment":[{"href":"https:\/\/www.test.cesramonycajal.com\/index.php?rest_route=%2Fwp%2Fv2%2Fmedia&parent=14621"}],"wp:term":[{"taxonomy":"category","embeddable":true,"href":"https:\/\/www.test.cesramonycajal.com\/index.php?rest_route=%2Fwp%2Fv2%2Fcategories&post=14621"},{"taxonomy":"post_tag","embeddable":true,"href":"https:\/\/www.test.cesramonycajal.com\/index.php?rest_route=%2Fwp%2Fv2%2Ftags&post=14621"}],"curies":[{"name":"wp","href":"https:\/\/api.w.org\/{rel}","templated":true}]}}