{"id":14174,"date":"2021-01-11T11:07:31","date_gmt":"2021-01-11T10:07:31","guid":{"rendered":"https:\/\/www.cesramonycajal.com\/?p=14174"},"modified":"2021-01-11T11:07:31","modified_gmt":"2021-01-11T10:07:31","slug":"plan-de-internacionalizacion","status":"publish","type":"post","link":"https:\/\/www.test.cesramonycajal.com\/?p=14174","title":{"rendered":"PLAN DE INTERNACIONALIZACI\u00d3N"},"content":{"rendered":"<p>[vc_row][vc_column][vc_row_inner][vc_column_inner el_class=\u00bbcabecera\u00bb][vc_single_image image=\u00bb14200&#8243; img_size=\u00bbfull\u00bb][\/vc_column_inner][\/vc_row_inner][vc_column_text]<\/p>\n<p style=\"text-align: center;\"><strong><span style=\"font-size: 28px;\">PLAN DE INTERNACIONALIZACI\u00d3N<\/span><\/strong><\/p>\n<p>&nbsp;<\/p>\n<p>Con motivo de la convocatoria para la Acreditaci\u00f3n Erasmus en los \u00e1mbitos de la educaci\u00f3n de adultos, la educaci\u00f3n y la formaci\u00f3n profesionales y la educaci\u00f3n escolar, para el periodo 2021-2027, en el CES S. Ram\u00f3n y Cajal hemos aprovechado para revisar y actualizar nuestro Plan de Internacionalizaci\u00f3n.<\/p>\n<p>El germen de este documento fue el primer Plan de Desarrollo Europeo que elaboramos para la solicitud de la Carta Erasmus de Educaci\u00f3n Superior, con la que nos iniciamos en el programa Erasmus+ all\u00e1 por el a\u00f1o 2015. Desde entonces hemos ido adaptando y modificando sus diferentes partes para incluir cada vez m\u00e1s acciones y beneficiarios: desde los primeros 6 alumnos de FP de Grado Superior que inauguraron las movilidades en el centro en el curso 2016-17, hasta los alrededor de 20 que enviamos en los \u00faltimos a\u00f1os, entre los que ya se encuentran alumnos de todos los niveles de FP (b\u00e1sica-GM-GS); m\u00e1s los 6 profesores de diferentes niveles a los que hemos enviado al extranjero a beneficiarse de las numerosas ventajas que el programa ofrece a los docentes.<\/p>\n<p>El prop\u00f3sito de nuestro Plan actualizado es, por tanto, consolidar las acciones en las que ya participa el centro -movilidades de estudiantes para realizar sus pr\u00e1cticas profesionales en empresas europeas-; fomentar y ampliar aquellas en las que a\u00fan no tenemos mucha experiencia (movilidades de profesorado para formaci\u00f3n); y promover y planificar aquellas en las que a\u00fan no hemos participado -movilidades de profesorado para docencia o per\u00edodos de observaci\u00f3n-.<\/p>\n<p>Por otra parte, vamos a empezar a trabajar para convertirnos en centro receptor de profesorado. Aprovechando la localizaci\u00f3n del centro en la ciudad de Granada (uno de los destinos Erasmus m\u00e1s solicitados), y haciendo uso de nuestra buena relaci\u00f3n con la UGR, pretendemos desarrollar un proyecto de acogida de profesorado en formaci\u00f3n para el intercambio de experiencias y buenas pr\u00e1cticas, as\u00ed como para el perfeccionamiento del espa\u00f1ol a trav\u00e9s de la experiencia docente con nuestra comunidad educativa.<\/p>\n<p>Por \u00faltimo, queremos destacar la participaci\u00f3n de todo el claustro en nuestra estrategia de modernizaci\u00f3n e internacionalizaci\u00f3n:<\/p>\n<ul>\n<li>El Equipo Directivo<\/li>\n<li>El Equipo T\u00e9cnico de Coordinaci\u00f3n Pedag\u00f3gica, formado por el Equipo Directivo m\u00e1s los jefes de departamento did\u00e1cticos y de las distintas familias profesionales<\/li>\n<li>Los Departamentos transversales: Internacional, Orientaci\u00f3n e Inserci\u00f3n Laboral, Biling\u00fcismo, Calidad; Formaci\u00f3n, Evaluaci\u00f3n e Innovaci\u00f3n;<\/li>\n<li>Los diferentes Equipos Docentes del centro<\/li>\n<\/ul>\n<p>Tal y como se detalla en el Plan, todos ellos tienen su papel en el desarrollo e implementaci\u00f3n del mismo, ya que somos conscientes de que el \u00e9xito de un Plan de estas caracter\u00edsticas tiene que emanar de una gran mayor\u00eda (si no la totalidad) del claustro y de los dem\u00e1s agentes implicados. Es por ello que hemos aprovechado la elaboraci\u00f3n del nuevo Plan Estrat\u00e9gico de la Cooperativa a la que pertenece el centro, TEAR S.Coop.And., para insertar dicho Plan en dos de sus \u00e1reas estrat\u00e9gicas (\u2018Relaciones\u2019 y \u2018Pedagog\u00eda\u2019) y darle la visibilidad que le corresponde.<\/p>\n<p>Estamos muy ilusionados con las perspectivas que tenemos por delante y, a pesar de las circunstancias actuales y la incertidumbre que las acompa\u00f1a -tanto a nivel nacional como internacional-, esperamos ir desarrollando nuestra estrategia a lo largo de los pr\u00f3ximos 4 a\u00f1os para convertirnos en una Instituci\u00f3n moderna, capaz de operar en un entorno internacional a trav\u00e9s de una red de socios europeos. Tal y como se extrae de nuestra Misi\u00f3n en el Plan Estrat\u00e9gico:<\/p>\n<p><em>Desde un proyecto empresarial cooperativo, y con la implicaci\u00f3n de toda la comunidad educativa, pretendemos ense\u00f1ar y formar, desde la diversidad y la educaci\u00f3n en valores, a personas \u00edntegras, aut\u00f3nomas y solidarias, con sentido cr\u00edtico y actitud transformadora; a la vez que promovemos la internacionalizaci\u00f3n de la instituci\u00f3n a trav\u00e9s de la participaci\u00f3n en distintas acciones previstas en diferentes programas y la colaboraci\u00f3n con nuestros socios europeos.<\/em><\/p>\n<p>[pdf-embedder url=&quot;https:\/\/www.test.cesramonycajal.com\/wp-content\/uploads\/2021\/01\/Plan_de_Internacionalizaci%C3%B3n_RyC.pdf%22][\/vc_column_text][\/vc_column][\/vc_row]<\/p>\n","protected":false},"excerpt":{"rendered":"<p>Con motivo de la convocatoria para la Acreditaci\u00f3n Erasmus en los \u00e1mbitos de la educaci\u00f3n de adultos, la educaci\u00f3n&#8230;<\/p>\n","protected":false},"author":2,"featured_media":14200,"comment_status":"closed","ping_status":"closed","sticky":false,"template":"","format":"standard","meta":{"_et_pb_use_builder":"","_et_pb_old_content":"","_et_gb_content_width":"","footnotes":""},"categories":[7,3],"tags":[],"class_list":["post-14174","post","type-post","status-publish","format-standard","has-post-thumbnail","hentry","category-erasmus","category-noticias"],"_links":{"self":[{"href":"https:\/\/www.test.cesramonycajal.com\/index.php?rest_route=\/wp\/v2\/posts\/14174","targetHints":{"allow":["GET"]}}],"collection":[{"href":"https:\/\/www.test.cesramonycajal.com\/index.php?rest_route=\/wp\/v2\/posts"}],"about":[{"href":"https:\/\/www.test.cesramonycajal.com\/index.php?rest_route=\/wp\/v2\/types\/post"}],"author":[{"embeddable":true,"href":"https:\/\/www.test.cesramonycajal.com\/index.php?rest_route=\/wp\/v2\/users\/2"}],"replies":[{"embeddable":true,"href":"https:\/\/www.test.cesramonycajal.com\/index.php?rest_route=%2Fwp%2Fv2%2Fcomments&post=14174"}],"version-history":[{"count":0,"href":"https:\/\/www.test.cesramonycajal.com\/index.php?rest_route=\/wp\/v2\/posts\/14174\/revisions"}],"wp:featuredmedia":[{"embeddable":true,"href":"https:\/\/www.test.cesramonycajal.com\/index.php?rest_route=\/wp\/v2\/media\/14200"}],"wp:attachment":[{"href":"https:\/\/www.test.cesramonycajal.com\/index.php?rest_route=%2Fwp%2Fv2%2Fmedia&parent=14174"}],"wp:term":[{"taxonomy":"category","embeddable":true,"href":"https:\/\/www.test.cesramonycajal.com\/index.php?rest_route=%2Fwp%2Fv2%2Fcategories&post=14174"},{"taxonomy":"post_tag","embeddable":true,"href":"https:\/\/www.test.cesramonycajal.com\/index.php?rest_route=%2Fwp%2Fv2%2Ftags&post=14174"}],"curies":[{"name":"wp","href":"https:\/\/api.w.org\/{rel}","templated":true}]}}