{"id":1410,"date":"2018-05-29T13:02:46","date_gmt":"2018-05-29T11:02:46","guid":{"rendered":"http:\/\/www.cesramonycajal.com\/?p=1410"},"modified":"2018-05-29T13:02:46","modified_gmt":"2018-05-29T11:02:46","slug":"erasmus-convocatoria-2018-fp-basica-y-gm","status":"publish","type":"post","link":"https:\/\/www.test.cesramonycajal.com\/?p=1410","title":{"rendered":"Erasmus+ Convocatoria 2018 (FP B\u00e1sica y GM)"},"content":{"rendered":"<p>[vc_row][vc_column][vc_row_inner][vc_column_inner][vc_column_text]<\/p>\n<h2 style=\"text-align: center;\"><strong>ERASMUS+ CONVOCATORIA 2018 (FP B\u00c1SICA Y GM)<\/strong><\/h2>\n<p>[\/vc_column_text][\/vc_column_inner][\/vc_row_inner][vc_column_text]Ya nos ha llegado la resoluci\u00f3n con la adjudicaci\u00f3n de plazas para que alumnos de FP B\u00e1sica y Grado Medio hagan sus pr\u00e1cticas en el extranjero el pr\u00f3ximo curso. M\u00e1s informaci\u00f3n en la secci\u00f3n <a href=\"https:\/\/www.test.cesramonycajal.com\/international-office\/#1524641027040-d283e224-a012\">International Office. ver aqu\u00ed<\/a>[\/vc_column_text][\/vc_column][\/vc_row]<\/p>\n","protected":false},"excerpt":{"rendered":"<p>[vc_row][vc_column][vc_row_inner][vc_column_inner][vc_column_text] ERASMUS+ CONVOCATORIA 2018 (FP B\u00c1SICA Y GM) [\/vc_column_text][\/vc_column_inner][\/vc_row_inner][vc_column_text]Ya nos ha llegado la resoluci\u00f3n con la adjudicaci\u00f3n de plazas para que alumnos de FP B\u00e1sica y Grado Medio hagan sus pr\u00e1cticas en el extranjero el pr\u00f3ximo curso. M\u00e1s informaci\u00f3n en la secci\u00f3n International Office. ver aqu\u00ed[\/vc_column_text][\/vc_column][\/vc_row]<\/p>\n","protected":false},"author":2,"featured_media":1411,"comment_status":"closed","ping_status":"closed","sticky":false,"template":"","format":"standard","meta":{"_et_pb_use_builder":"","_et_pb_old_content":"","_et_gb_content_width":"","footnotes":""},"categories":[7,3],"tags":[],"class_list":["post-1410","post","type-post","status-publish","format-standard","has-post-thumbnail","hentry","category-erasmus","category-noticias"],"_links":{"self":[{"href":"https:\/\/www.test.cesramonycajal.com\/index.php?rest_route=\/wp\/v2\/posts\/1410","targetHints":{"allow":["GET"]}}],"collection":[{"href":"https:\/\/www.test.cesramonycajal.com\/index.php?rest_route=\/wp\/v2\/posts"}],"about":[{"href":"https:\/\/www.test.cesramonycajal.com\/index.php?rest_route=\/wp\/v2\/types\/post"}],"author":[{"embeddable":true,"href":"https:\/\/www.test.cesramonycajal.com\/index.php?rest_route=\/wp\/v2\/users\/2"}],"replies":[{"embeddable":true,"href":"https:\/\/www.test.cesramonycajal.com\/index.php?rest_route=%2Fwp%2Fv2%2Fcomments&post=1410"}],"version-history":[{"count":0,"href":"https:\/\/www.test.cesramonycajal.com\/index.php?rest_route=\/wp\/v2\/posts\/1410\/revisions"}],"wp:featuredmedia":[{"embeddable":true,"href":"https:\/\/www.test.cesramonycajal.com\/index.php?rest_route=\/wp\/v2\/media\/1411"}],"wp:attachment":[{"href":"https:\/\/www.test.cesramonycajal.com\/index.php?rest_route=%2Fwp%2Fv2%2Fmedia&parent=1410"}],"wp:term":[{"taxonomy":"category","embeddable":true,"href":"https:\/\/www.test.cesramonycajal.com\/index.php?rest_route=%2Fwp%2Fv2%2Fcategories&post=1410"},{"taxonomy":"post_tag","embeddable":true,"href":"https:\/\/www.test.cesramonycajal.com\/index.php?rest_route=%2Fwp%2Fv2%2Ftags&post=1410"}],"curies":[{"name":"wp","href":"https:\/\/api.w.org\/{rel}","templated":true}]}}