{"id":13367,"date":"2020-11-17T08:36:13","date_gmt":"2020-11-17T07:36:13","guid":{"rendered":"https:\/\/www.cesramonycajal.com\/?p=13367"},"modified":"2020-11-17T08:36:13","modified_gmt":"2020-11-17T07:36:13","slug":"la-importancia-del-bien-comun-el-sentimiento-de-pertenencia","status":"publish","type":"post","link":"https:\/\/www.test.cesramonycajal.com\/?p=13367","title":{"rendered":"La importancia del bien com\u00fan y el sentimiento de pertenencia"},"content":{"rendered":"<p><img loading=\"lazy\" decoding=\"async\" class=\"aligncenter wp-image-13369\" src=\"https:\/\/www.test.cesramonycajal.com\/wp-content\/uploads\/2020\/11\/41anios-700x315.png\" alt=\"\" width=\"1346\" height=\"606\" \/><\/p>\n<p style=\"text-align: center;\"><span style=\"font-size: 28px;\"><strong>LA IMPORTANCIA DEL BIEN COM\u00daN Y EL SENTIMIENTO DE PERTENENCIA<\/strong><\/span><\/p>\n<p>&nbsp;<\/p>\n<p><span style=\"font-weight: 400;\">Mucho se ha hablado de los valores intr\u00ednsecos a una cooperativa o por lo menos de los que deber\u00eda valerse en su d\u00eda a d\u00eda..\u00a0 Desde los que emanan de su propia ra\u00edz etimol\u00f3gica (<\/span><i><span style=\"font-weight: 400;\">obrar conjuntamente con otros para la consecuci\u00f3n de un fin com\u00fan<\/span><\/i><span style=\"font-weight: 400;\">), a los que plantea la estrategia de las diferentes y conc\u00e9ntricas \u201cC\u201d (confianza, coherencia). Pasando por la \u201cTeor\u00eda\u00a0 de la gallina\u201d que en su cacareo esconde los valores de la colaboraci\u00f3n, cocreaci\u00f3n, y comunicaci\u00f3n; y terminando con la palabra cari\u00f1o que nos evoca trazos familiares.<\/span><\/p>\n<p><span style=\"font-weight: 400;\">Pero poco he escuchado de lo que me lleva a escribiros hoy. As\u00ed, aprovechando la posici\u00f3n desde la que trabajo y disfruto quisiera dirigirme a vosotros, socios, trabajadores; familia al fin y al cabo<\/span><\/p>\n<p><span style=\"font-weight: 400;\">Y es un pensamiento que llevo rumiando desde la \u00faltima asamblea que celebramos. Para los que no lo sepan, este acto y \u00f3rgano en s\u00ed mismo,\u00a0 es la m\u00e1xima representaci\u00f3n del sentir cooperativo. En ella, los socios plantean, discuten, y deciden con sus votos el camino que tomar\u00e1 la cooperativa en un futuro, y por ende, en nuestro caso el devenir de los centros Santa Marta y Ram\u00f3n y Cajal.<\/span><\/p>\n<p><span style=\"font-weight: 400;\">Como os dec\u00eda, en la \u00faltima convocatoria tuvo lugar una votaci\u00f3n, en la que antes de llegar a ella hab\u00eda claras posturas enfrentadas. M\u00e1s all\u00e1 del resultado, permitidme que os diga que no sal\u00ed contento. En un sentido u otro esperaba un mayor peso hacia una opci\u00f3n u otra, que evitara confrontaciones.\u00a0 Con lo que me fui de all\u00ed entretenido pensando que en un futuro m\u00e1s me val\u00eda convencer que vencer y preocupado por el devenir de la empresa. Porque eso es lo que somos, una empresa cooperativa en la que no todo el mundo, o por lo menos la mayor\u00eda pensara igual.<\/span><\/p>\n<p><span style=\"font-weight: 400;\">Cuando nada m\u00e1s salir del edificio ca\u00ed en la grandeza de lo que hab\u00eda pasado; de lo que hab\u00eda vivido sin darme cuenta. Independiente del resultado, los socios, muchos en pie, se hab\u00edan puesto a aplaudir el mismo, y no era la primera vez. Refrendando \u00e9ste, independientemente del voto efectuado, con uno de los modos m\u00e1s c\u00e1lidos\u00a0 que el ser humano pueda expresar: mediante un c\u00e1lido aplauso, mayoritario, casi un\u00e1nime. Obviando o dejando de lado su particular opini\u00f3n, confirmaron que siendo la Asamblea una, todos por igual\u00a0 formamos parte de ella y sus decisiones. Y as\u00ed debemos caminar; si es necesario lentos, pero unidos.<\/span><\/p>\n<p><span style=\"font-weight: 400;\">Este sentimiento, ya no pensamiento, se hizo presente recientemente con la inundaci\u00f3n parcial que sufri\u00f3 el Centro Ram\u00f3n y Cajal hace unos d\u00edas. Cuando socios y trabajadores, del mismo modo, un\u00e1nime; y sintiendo como propio el Centro, mostraron su preocupaci\u00f3n, inter\u00e9s y disposici\u00f3n en solventar el incidente y paliar sus da\u00f1os. Llenando al que esto escribe de orgullo.<\/span><\/p>\n<p><span style=\"font-weight: 400;\">Con lo que como otro socio me recuerda y nos nombra, querida familia: desde aqu\u00ed os invito a que acojamos este sentimiento de pertenencia a lo com\u00fan, a este bien que nos une. Porque cuando algo es nuestro, huelga decirlo, se trabaja, se cuida y\u00a0 mima. D\u00e9mosle rienda suelta y hag\u00e1moslo crecer en nuestro interior, porque as\u00ed nos haremos grandes juntos.\u00a0\u00a0<\/span><\/p>\n<p><span style=\"font-weight: 400;\">Y en la fecha del pr\u00f3ximo aniversario de la constituci\u00f3n de la Cooperativa TEAR celebr\u00e9moslo como se merece. Que el 21 de Noviembre no sea solo un d\u00eda para recordar cada a\u00f1o dicha efem\u00e9ride, si no una oportunidad de rememorar, revivir\u00a0 y transmitir estos sentimientos\u00a0 y valores\u00a0 cada d\u00eda.<\/span><\/p>\n<p><span style=\"font-weight: 400;\">\u00a1Felicidades!<\/span><\/p>\n<p><span style=\"font-weight: 400;\">Carlos Rivera Zafra. Socio de la Cooperativa TEAR, profesor en CES S Ram\u00f3n y Cajal,\u00a0<\/span><\/p>\n<p><strong>#yosoyTEAR<\/strong><\/p>\n","protected":false},"excerpt":{"rendered":"<p>LA IMPORTANCIA DEL BIEN COM\u00daN Y EL SENTIMIENTO DE PERTENENCIA &nbsp; Mucho se ha hablado de los valores intr\u00ednsecos a una cooperativa o por lo menos de los que deber\u00eda valerse en su d\u00eda a d\u00eda..\u00a0 Desde los que emanan de su propia ra\u00edz etimol\u00f3gica (obrar conjuntamente con otros para la consecuci\u00f3n de un fin [&hellip;]<\/p>\n","protected":false},"author":2,"featured_media":13369,"comment_status":"closed","ping_status":"closed","sticky":false,"template":"","format":"standard","meta":{"_et_pb_use_builder":"","_et_pb_old_content":"","_et_gb_content_width":"","footnotes":""},"categories":[3],"tags":[],"class_list":["post-13367","post","type-post","status-publish","format-standard","has-post-thumbnail","hentry","category-noticias"],"_links":{"self":[{"href":"https:\/\/www.test.cesramonycajal.com\/index.php?rest_route=\/wp\/v2\/posts\/13367","targetHints":{"allow":["GET"]}}],"collection":[{"href":"https:\/\/www.test.cesramonycajal.com\/index.php?rest_route=\/wp\/v2\/posts"}],"about":[{"href":"https:\/\/www.test.cesramonycajal.com\/index.php?rest_route=\/wp\/v2\/types\/post"}],"author":[{"embeddable":true,"href":"https:\/\/www.test.cesramonycajal.com\/index.php?rest_route=\/wp\/v2\/users\/2"}],"replies":[{"embeddable":true,"href":"https:\/\/www.test.cesramonycajal.com\/index.php?rest_route=%2Fwp%2Fv2%2Fcomments&post=13367"}],"version-history":[{"count":0,"href":"https:\/\/www.test.cesramonycajal.com\/index.php?rest_route=\/wp\/v2\/posts\/13367\/revisions"}],"wp:featuredmedia":[{"embeddable":true,"href":"https:\/\/www.test.cesramonycajal.com\/index.php?rest_route=\/wp\/v2\/media\/13369"}],"wp:attachment":[{"href":"https:\/\/www.test.cesramonycajal.com\/index.php?rest_route=%2Fwp%2Fv2%2Fmedia&parent=13367"}],"wp:term":[{"taxonomy":"category","embeddable":true,"href":"https:\/\/www.test.cesramonycajal.com\/index.php?rest_route=%2Fwp%2Fv2%2Fcategories&post=13367"},{"taxonomy":"post_tag","embeddable":true,"href":"https:\/\/www.test.cesramonycajal.com\/index.php?rest_route=%2Fwp%2Fv2%2Ftags&post=13367"}],"curies":[{"name":"wp","href":"https:\/\/api.w.org\/{rel}","templated":true}]}}