{"id":11644,"date":"2020-09-07T17:15:59","date_gmt":"2020-09-07T15:15:59","guid":{"rendered":"https:\/\/www.cesramonycajal.com\/?p=11644"},"modified":"2020-09-07T17:15:59","modified_gmt":"2020-09-07T15:15:59","slug":"el-inicio-de-curso-en-pandemia","status":"publish","type":"post","link":"https:\/\/www.test.cesramonycajal.com\/?p=11644","title":{"rendered":"El inicio de curso en pandemia"},"content":{"rendered":"<p style=\"text-align: center;\"><span style=\"font-size: 28px;\"><b>\u201cINICIO CURSO ESCOLAR 2020\/2021, COMUNICACI\u00d3N A LAS FAMILIAS\u201d<\/b><\/span><\/p>\n<p><span style=\"font-weight: 400;\">Estimadas familias:\u00a0<\/span><\/p>\n<p><span style=\"font-weight: 400;\">Es nuestro deseo que os encontr\u00e9is bien y que hay\u00e1is disfrutado de unos d\u00edas de merecido descanso. El motivo de esta circular es proporcionar informaci\u00f3n que consideramos relevante para vosotros en relaci\u00f3n a las medidas que el centro llevar\u00e1 a cabo el pr\u00f3ximo curso 2020-2021 teniendo como referencia las instrucciones del 6 de julio de 2020, de la Consejer\u00eda de Educaci\u00f3n y Deporte junto con las medidas de prevenci\u00f3n, protecci\u00f3n y vigilancia y promoci\u00f3n de salud Covid-19, de la Consejer\u00eda de Salud y Familias y las del 3 de septiembre sobre medidas de flexibilizaci\u00f3n curricular y organizativa.\u00a0<\/span><\/p>\n<p><span style=\"font-weight: 400;\">Como consecuencia de este a\u00f1o tan excepcional, debido a la crisis sanitaria provocada por el Covid-19, muchas de las medidas adoptadas referentes a adjudicaci\u00f3n de entradas y salidas por cursos, flexibilizaci\u00f3n de horarios, espacios de recreos, medidas de h<\/span><span style=\"font-weight: 400;\">i<\/span><span style=\"font-weight: 400;\">giene, material&#8230; se dar\u00e1n a conocer en las reuniones informativas que se celebrar\u00e1n en la presentaci\u00f3n del curso.\u00a0<\/span><\/p>\n<p><span style=\"font-weight: 400;\">No obstante, consideramos que existen informaciones que son importantes que conozc\u00e1is ya que pueden afectar a la organizaci\u00f3n del d\u00eda a d\u00eda de cada familia.\u00a0<\/span><\/p>\n<p><span style=\"font-weight: 400;\">Tras la experiencia adquirida en estos meses pasados, os recomendamos, en la medida de lo posible, que cada familia trate de aumentar el n\u00famero de dispositivos tecnol\u00f3gicos, si lo estima necesario.\u00a0<\/span><\/p>\n<p><span style=\"font-weight: 400;\">El inicio del curso se realizar\u00e1 de forma escalonada siguiendo el siguiente calendario:\u00a0<\/span><\/p>\n<table style=\"border: 1px solid red !important; width: 80%;\">\n<tbody>\n<tr style=\"border: 1px solid red !important;\">\n<td style=\"width: 14.8512%; text-align: center;\">D\u00eda<\/td>\n<td style=\"width: 21.8876%; text-align: center;\">Hora<\/td>\n<td style=\"width: 31.2247%; text-align: center;\">Curso<\/td>\n<td style=\"width: 32.0365%; text-align: center;\">Acceso<\/td>\n<\/tr>\n<tr style=\"border: 1px solid red !important;\">\n<td style=\"width: 14.8512%; text-align: center;\">16<\/td>\n<td style=\"width: 21.8876%; text-align: center;\">09:00<\/td>\n<td style=\"width: 31.2247%; text-align: center;\">ESO 1<\/td>\n<td style=\"width: 32.0365%; text-align: center;\">3<\/td>\n<\/tr>\n<tr style=\"border: 1px solid red !important;\">\n<td style=\"width: 14.8512%; text-align: center;\">16<\/td>\n<td style=\"width: 21.8876%; text-align: center;\">10:00<\/td>\n<td style=\"width: 31.2247%; text-align: center;\">ESO 2<\/td>\n<td style=\"width: 32.0365%; text-align: center;\">3<\/td>\n<\/tr>\n<tr style=\"border: 1px solid red !important;\">\n<td style=\"width: 14.8512%; text-align: center;\">16<\/td>\n<td style=\"width: 21.8876%; text-align: center;\">12:00<\/td>\n<td style=\"width: 31.2247%; text-align: center;\">ESO 3<\/td>\n<td style=\"width: 32.0365%; text-align: center;\">3<\/td>\n<\/tr>\n<tr style=\"border: 1px solid red !important;\">\n<td style=\"width: 14.8512%; text-align: center;\">16<\/td>\n<td style=\"width: 21.8876%; text-align: center;\">13:00<\/td>\n<td style=\"width: 31.2247%; text-align: center;\">ESO 4<\/td>\n<td style=\"width: 32.0365%; text-align: center;\">3<\/td>\n<\/tr>\n<tr style=\"border: 1px solid red !important;\">\n<td style=\"width: 14.8512%; text-align: center;\">17<\/td>\n<td style=\"width: 21.8876%; text-align: center;\">10:00<\/td>\n<td style=\"width: 31.2247%; text-align: center;\">FPB1<\/td>\n<td style=\"width: 32.0365%; text-align: center;\">1<\/td>\n<\/tr>\n<tr style=\"border: 1px solid red !important;\">\n<td style=\"width: 14.8512%; text-align: center;\">17<\/td>\n<td style=\"width: 21.8876%; text-align: center;\">11:30<\/td>\n<td style=\"width: 31.2247%; text-align: center;\">FPB2<\/td>\n<td style=\"width: 32.0365%; text-align: center;\">1<\/td>\n<\/tr>\n<tr style=\"border: 1px solid red !important;\">\n<td style=\"width: 14.8512%; text-align: center;\">18<\/td>\n<td style=\"width: 21.8876%; text-align: center;\">09:00<\/td>\n<td style=\"width: 31.2247%; text-align: center;\">BACH 1<\/td>\n<td style=\"width: 32.0365%; text-align: center;\">2<\/td>\n<\/tr>\n<tr style=\"border: 1px solid red !important;\">\n<td style=\"width: 14.8512%; text-align: center;\">18<\/td>\n<td style=\"width: 21.8876%; text-align: center;\">10:00<\/td>\n<td style=\"width: 31.2247%; text-align: center;\">BACH 2<\/td>\n<td style=\"width: 32.0365%; text-align: center;\">2<\/td>\n<\/tr>\n<tr style=\"border: 1px solid red !important;\">\n<td style=\"width: 14.8512%; text-align: center;\">18<\/td>\n<td style=\"width: 21.8876%; text-align: center;\">11:30<\/td>\n<td style=\"width: 31.2247%; text-align: center;\">CFGM Turno Ma\u00f1ana<\/td>\n<td style=\"width: 32.0365%; text-align: center;\">2<\/td>\n<\/tr>\n<tr style=\"border: 1px solid red !important;\">\n<td style=\"width: 14.8512%; text-align: center;\">18<\/td>\n<td style=\"width: 21.8876%; text-align: center;\">17:00<\/td>\n<td style=\"width: 31.2247%; text-align: center;\">CFGM Turno Tarde<\/td>\n<td style=\"width: 32.0365%; text-align: center;\">2<\/td>\n<\/tr>\n<tr style=\"border: 1px solid red !important;\">\n<td style=\"width: 14.8512%; text-align: center;\">21<\/td>\n<td style=\"width: 21.8876%; text-align: center;\">11:30<\/td>\n<td style=\"width: 31.2247%; text-align: center;\">CFGS Turno Ma\u00f1ana<\/td>\n<td style=\"width: 32.0365%; text-align: center;\">2<\/td>\n<\/tr>\n<tr style=\"border: 1px solid red !important;\">\n<td style=\"width: 14.8512%; text-align: center;\">21<\/td>\n<td style=\"width: 21.8876%; text-align: center;\">17:00<\/td>\n<td style=\"width: 31.2247%; text-align: center;\">CFGS Turno Tarde<\/td>\n<td style=\"width: 32.0365%; text-align: center;\">2<\/td>\n<\/tr>\n<\/tbody>\n<\/table>\n<p><span style=\"font-weight: 400;\">En relaci\u00f3n al material con el que se debe acudir el primer d\u00eda de clases a la presentaci\u00f3n, informamos que ser\u00e1 suficiente una libreta y un bol\u00edgrafo.\u00a0<\/span><\/p>\n<p><span style=\"font-weight: 400;\">Recordamos <\/span><span style=\"font-weight: 400;\">i<\/span><span style=\"font-weight: 400;\">gualmente, que los cheques-libro para 1\u00ba y 3\u00ba de E.S.O. se enviaron a su correo electr\u00f3nico donde podr\u00e1n descargarlos. Para el resto de alumnado de E.S.O. se les entregar\u00e1n los libros de texto en pr\u00e9stamo en los primeros d\u00edas de clase. Le adjuntamos igualmente el <\/span><a href=\"https:\/\/www.test.cesramonycajal.com\/wp-content\/uploads\/2020\/09\/CUADRO_CALENDARIO_ESCOLAR_GR_20-21_-1.pdf\"><b>calendario escolar<\/b><\/a><span style=\"font-weight: 400;\"> del presente curso.<\/span><\/p>\n<p><b>Rogamos permanezcan atentos a la web del centro, <\/b><a href=\"http:\/\/www.cesramonycajal.com\"><b><i>www.test.cesramonycajal.com\/<\/i><\/b><\/a><b>; o pinchando en los iconos de nuestras redes sociales<\/b><\/p>\n<p><a href=\"https:\/\/www.linkedin.com\/company\/ces-ram%C3%B3n-y-cajal---granada\/\"><img loading=\"lazy\" decoding=\"async\" class=\"wp-image-11649 alignleft\" src=\"https:\/\/www.test.cesramonycajal.com\/wp-content\/uploads\/2020\/09\/twitter.png\" alt=\"\" width=\"89\" height=\"89\" \/><\/a><a href=\"https:\/\/www.linkedin.com\/company\/ces-ram%C3%B3n-y-cajal---granada\/\"><img loading=\"lazy\" decoding=\"async\" class=\"wp-image-11650 alignleft\" src=\"https:\/\/www.test.cesramonycajal.com\/wp-content\/uploads\/2020\/09\/unnamed.png\" alt=\"\" width=\"89\" height=\"89\" \/><\/a><a href=\"https:\/\/www.facebook.com\/cesramonycajal\/\"><img loading=\"lazy\" decoding=\"async\" class=\" wp-image-11647 alignleft\" src=\"https:\/\/www.test.cesramonycajal.com\/wp-content\/uploads\/2020\/09\/facebook.png\" alt=\"\" width=\"89\" height=\"89\" srcset=\"https:\/\/www.test.cesramonycajal.com\/wp-content\/uploads\/2020\/09\/facebook.png 225w, https:\/\/www.test.cesramonycajal.com\/wp-content\/uploads\/2020\/09\/facebook-150x150.png 150w\" sizes=\"(max-width: 89px) 100vw, 89px\" \/><\/a><a href=\"https:\/\/www.instagram.com\/CESRamonyCajal\/\"><img loading=\"lazy\" decoding=\"async\" class=\" wp-image-11648 alignleft\" src=\"https:\/\/www.test.cesramonycajal.com\/wp-content\/uploads\/2020\/09\/instagram.png\" alt=\"\" width=\"89\" height=\"89\" srcset=\"https:\/\/www.test.cesramonycajal.com\/wp-content\/uploads\/2020\/09\/instagram.png 200w, https:\/\/www.test.cesramonycajal.com\/wp-content\/uploads\/2020\/09\/instagram-150x150.png 150w\" sizes=\"(max-width: 89px) 100vw, 89px\" \/><\/a><\/p>\n<p>[pdf-embedder url=&quot;https:\/\/www.test.cesramonycajal.com\/wp-content\/uploads\/2020\/10\/Protocolo_COVID-19_RYC.pdf%22]<\/p>\n<p><span style=\"font-size: 20px;\">Puedes descargar el PDF pulsando <a href=\"https:\/\/www.test.cesramonycajal.com\/wp-content\/uploads\/2020\/10\/Protocolo_COVID-19_RYC.pdf\">aqu\u00ed<\/a><\/span><\/p>\n<p><span style=\"font-weight: 400;\">Quedamos a vuestra disposici\u00f3n para cualquier consulta que quer\u00e1is realizarnos\u00a0<\/span><\/p>\n<p><span style=\"font-weight: 400;\">Atentamente, el equipo directivo<\/span><\/p>\n","protected":false},"excerpt":{"rendered":"<p>\u201cINICIO CURSO ESCOLAR 2020\/2021, COMUNICACI\u00d3N A LAS FAMILIAS\u201d Estimadas familias:\u00a0 Es nuestro deseo que os encontr\u00e9is bien y que hay\u00e1is disfrutado de unos d\u00edas de merecido descanso. El motivo de esta circular es proporcionar informaci\u00f3n que consideramos relevante para vosotros en relaci\u00f3n a las medidas que el centro llevar\u00e1 a cabo el pr\u00f3ximo curso 2020-2021 [&hellip;]<\/p>\n","protected":false},"author":2,"featured_media":0,"comment_status":"closed","ping_status":"closed","sticky":false,"template":"","format":"standard","meta":{"_et_pb_use_builder":"","_et_pb_old_content":"","_et_gb_content_width":"","footnotes":""},"categories":[3],"tags":[],"class_list":["post-11644","post","type-post","status-publish","format-standard","hentry","category-noticias"],"_links":{"self":[{"href":"https:\/\/www.test.cesramonycajal.com\/index.php?rest_route=\/wp\/v2\/posts\/11644","targetHints":{"allow":["GET"]}}],"collection":[{"href":"https:\/\/www.test.cesramonycajal.com\/index.php?rest_route=\/wp\/v2\/posts"}],"about":[{"href":"https:\/\/www.test.cesramonycajal.com\/index.php?rest_route=\/wp\/v2\/types\/post"}],"author":[{"embeddable":true,"href":"https:\/\/www.test.cesramonycajal.com\/index.php?rest_route=\/wp\/v2\/users\/2"}],"replies":[{"embeddable":true,"href":"https:\/\/www.test.cesramonycajal.com\/index.php?rest_route=%2Fwp%2Fv2%2Fcomments&post=11644"}],"version-history":[{"count":0,"href":"https:\/\/www.test.cesramonycajal.com\/index.php?rest_route=\/wp\/v2\/posts\/11644\/revisions"}],"wp:attachment":[{"href":"https:\/\/www.test.cesramonycajal.com\/index.php?rest_route=%2Fwp%2Fv2%2Fmedia&parent=11644"}],"wp:term":[{"taxonomy":"category","embeddable":true,"href":"https:\/\/www.test.cesramonycajal.com\/index.php?rest_route=%2Fwp%2Fv2%2Fcategories&post=11644"},{"taxonomy":"post_tag","embeddable":true,"href":"https:\/\/www.test.cesramonycajal.com\/index.php?rest_route=%2Fwp%2Fv2%2Ftags&post=11644"}],"curies":[{"name":"wp","href":"https:\/\/api.w.org\/{rel}","templated":true}]}}