{"id":1017,"date":"2018-04-02T12:16:03","date_gmt":"2018-04-02T10:16:03","guid":{"rendered":"http:\/\/www.cesramonycajal.com\/?p=1017"},"modified":"2018-04-02T12:16:03","modified_gmt":"2018-04-02T10:16:03","slug":"intercambio-franco-hispano-aleman","status":"publish","type":"post","link":"https:\/\/www.test.cesramonycajal.com\/?p=1017","title":{"rendered":"Intercambio Franco-Hispano-Alem\u00e1n"},"content":{"rendered":"<p>[vc_row][vc_column][vc_row_inner][vc_column_inner][vc_column_text]<\/p>\n<h2 style=\"text-align: center;\"><strong>INTERCAMBIO FRANCO-HISPANO-ALEM\u00c1N<\/strong><\/h2>\n<p>[\/vc_column_text][\/vc_column_inner][\/vc_row_inner][vc_column_text]<\/p>\n<div class=\"gmail_default\">\n<p>La \u00faltima semana antes de las vacaciones tuvimos a un grupo de cerca de 30 alumnos y alumnas de Francia y Alemania de la familia profesional de Servicios Socioculturales y a la Comunidad.<\/p>\n<\/div>\n<div class=\"gmail_default\">\n<p>Convivir, compartir cultura, formas de trabajar en el \u00e1mbito de la formaci\u00f3n profesional y m\u00e1s concretamente de la Integraci\u00f3n Social y de la Animaci\u00f3n Sociocultural y sobretodo una verdadera INMERSI\u00d3N LIMG\u00dc\u00cdSTICA.<\/p>\n<\/div>\n<div class=\"gmail_default\">\n<p>Gracias a todas las instituciones que han participado con nosotros en este proyecto y que siempre est\u00e1n dispuestos y comprometidos con los Servicios a la Comunidad:<\/p>\n<ul>\n<li>CPEE Jean Piaget<\/li>\n<li>Aldeas Infantiles<\/li>\n<li>Fundaci\u00f3n Pur\u00edsima Concepci\u00f3n<\/li>\n<li>Cruz Roja<\/li>\n<li>Proyecto Hombre<\/li>\n<li>Asprogrades<\/li>\n<li>Ascociaci\u00f3n de mujeres gitanas ROMI<\/li>\n<li>Inlayapas<\/li>\n<li>ALFA<\/li>\n<li>SAPAME<\/li>\n<\/ul>\n<\/div>\n<p>[\/vc_column_text][\/vc_column][\/vc_row]<\/p>\n","protected":false},"excerpt":{"rendered":"<p>[vc_row][vc_column][vc_row_inner][vc_column_inner][vc_column_text] INTERCAMBIO FRANCO-HISPANO-ALEM\u00c1N [\/vc_column_text][\/vc_column_inner][\/vc_row_inner][vc_column_text] La \u00faltima semana antes de las vacaciones tuvimos a un grupo de cerca de 30 alumnos y alumnas de Francia y Alemania de la familia profesional de Servicios Socioculturales y a la Comunidad. Convivir, compartir cultura, formas de trabajar en el \u00e1mbito de la formaci\u00f3n profesional y m\u00e1s concretamente de la [&hellip;]<\/p>\n","protected":false},"author":2,"featured_media":1018,"comment_status":"open","ping_status":"open","sticky":false,"template":"","format":"standard","meta":{"_et_pb_use_builder":"","_et_pb_old_content":"","_et_gb_content_width":"","footnotes":""},"categories":[9,7,3],"tags":[14,15],"class_list":["post-1017","post","type-post","status-publish","format-standard","has-post-thumbnail","hentry","category-amypa","category-erasmus","category-noticias","tag-ces-ramon-y-cajal","tag-intercambio"],"_links":{"self":[{"href":"https:\/\/www.test.cesramonycajal.com\/index.php?rest_route=\/wp\/v2\/posts\/1017","targetHints":{"allow":["GET"]}}],"collection":[{"href":"https:\/\/www.test.cesramonycajal.com\/index.php?rest_route=\/wp\/v2\/posts"}],"about":[{"href":"https:\/\/www.test.cesramonycajal.com\/index.php?rest_route=\/wp\/v2\/types\/post"}],"author":[{"embeddable":true,"href":"https:\/\/www.test.cesramonycajal.com\/index.php?rest_route=\/wp\/v2\/users\/2"}],"replies":[{"embeddable":true,"href":"https:\/\/www.test.cesramonycajal.com\/index.php?rest_route=%2Fwp%2Fv2%2Fcomments&post=1017"}],"version-history":[{"count":0,"href":"https:\/\/www.test.cesramonycajal.com\/index.php?rest_route=\/wp\/v2\/posts\/1017\/revisions"}],"wp:featuredmedia":[{"embeddable":true,"href":"https:\/\/www.test.cesramonycajal.com\/index.php?rest_route=\/wp\/v2\/media\/1018"}],"wp:attachment":[{"href":"https:\/\/www.test.cesramonycajal.com\/index.php?rest_route=%2Fwp%2Fv2%2Fmedia&parent=1017"}],"wp:term":[{"taxonomy":"category","embeddable":true,"href":"https:\/\/www.test.cesramonycajal.com\/index.php?rest_route=%2Fwp%2Fv2%2Fcategories&post=1017"},{"taxonomy":"post_tag","embeddable":true,"href":"https:\/\/www.test.cesramonycajal.com\/index.php?rest_route=%2Fwp%2Fv2%2Ftags&post=1017"}],"curies":[{"name":"wp","href":"https:\/\/api.w.org\/{rel}","templated":true}]}}